{"id":32517,"date":"2024-06-21T10:13:08","date_gmt":"2024-06-21T10:13:08","guid":{"rendered":"https:\/\/casais.pt\/?p=32517"},"modified":"2024-08-23T10:06:05","modified_gmt":"2024-08-23T10:06:05","slug":"casais-group-inaugurates-the-corporate-first-gaia","status":"publish","type":"post","link":"https:\/\/casais.pt\/en\/casais-group-inaugurates-the-corporate-first-gaia\/","title":{"rendered":"Casais Group inaugurates the Corporate First Gaia"},"content":{"rendered":"<p>This Friday, 21 June, as part of the Sunny Casais partnership, the Casais Group is inaugurating Corporate First Gaia, a multidisciplinary building that includes the hotel B&amp;B Porto Gaia hotel, and 15 office units. The Mayor of Vila Nova de Gaia, Eduardo V\u00edtor Rodrigues, will attend the inauguration.<\/p>\n<p>Located next to Avenida da Rep\u00fablica 1363 and Pra\u00e7a Eixo Atl\u00e2ntico 43 in Vila Nova de Gaia, Corporate First Gaia covers 12,782.70 square metres and constitutes a total investment of EUR 17.5 million. The design was the brainchild of Fernando Rocha of URBIS.<\/p>\n<p>The 11-storey <a href=\"https:\/\/www.hotel-bb.com\/pt\/hotel\/porto-gaia\" target=\"_blank\" rel=\"noopener\">B&amp;B Porto Gaia<\/a> is a hotel infrastructure that responds to tourist and business demand, with 210 rooms and 420 beds. The building also has parking spaces for 63 vehicles. This is the seventh B&amp;B built by the Casais Group in Portugal and Spain, and the Group is responsible for developing five hotels in Portugal \u2013 in Montijo, Oeiras, Vila Nova de Gaia, Olh\u00e3o and Guimar\u00e3es. The B&amp;B Hotels group currently has 15 units in Portugal.<\/p>\n<p>On the west side of Corporate First Gaia is the <a href=\"https:\/\/sitio.pt\/\" target=\"_blank\" rel=\"noopener\">SITIO<\/a> Gaia coworking space, which will occupy part of the building built specifically to house offices. This 9-storey unit has some areas specifically for private offices and others designed as social spaces and communal areas. On these nine floors, there are 370 workstations in the 30 available offices, which range in sizes suitable for between 4 and 50 people. The building includes deck areas and social spaces. The unit also has facilities such as meeting rooms and event spaces which are open to all companies in the building.<\/p>\n<p>&#8220;After the opening of The First, which is part of the first phase of <a href=\"https:\/\/mithub.pt\/\" target=\"_blank\" rel=\"noopener\">MITH<\/a>, at the University of Minho&#8217;s School of Engineering, Gaia was next, and now has the receive Corporate First Gaia, which brings together a hotel accommodation unit and a space for companies and entrepreneurs to develop their businesses. In this way, we are supporting the economic development of the municipality and the region. For the Casais Group, it&#8217;s important to support the country&#8217;s economic development and growth, and in particular the entrepreneurship that this space favours, with the integration of yet another SITIO unit, where startups, growups and small, medium and large enterprises can coexist. This is why Casais itself will occupy one of the floors in Corporate First Gaia, bringing to this space professionals in the areas of digitalisation, sustainability and industrialised construction, so that we can fulfil our role in promoting digital transformation and the construction sector.\u00a0 And so it is with great pride that we inaugurate this building,&#8221; says Ant\u00f3nio Carlos Rodrigues, CEO of Casais Group.<\/p>\n<p>The Casais Group operates in <a href=\"https:\/\/casais.pt\/en\/institutional\/\">17 countries<\/a>. In Portugal, it develops various public works projects, such as sustainable construction, infrastructure rehabilitation and public buildings.<\/p>\n","protected":false},"excerpt":{"rendered":"<p>This Friday, 21 June, as part of the Sunny Casais partnership, the Casais Group is inaugurating Corporate First Gaia, a multidisciplinary building that includes the hotel B&amp;B Porto Gaia hotel, and 15 office units. The Mayor of Vila Nova de Gaia, Eduardo V\u00edtor Rodrigues, will attend the inauguration. Located next to Avenida da Rep\u00fablica 1363 [&hellip;]<\/p>\n","protected":false},"author":2,"featured_media":32417,"comment_status":"closed","ping_status":"closed","sticky":false,"template":"","format":"standard","meta":{"inline_featured_image":false,"_jet_sm_ready_style":"","_jet_sm_style":"","_jet_sm_controls_values":"","_jet_sm_fonts_collection":"","_jet_sm_fonts_links":"","footnotes":""},"categories":[1030],"tags":[],"_links":{"self":[{"href":"https:\/\/casais.pt\/en\/wp-json\/wp\/v2\/posts\/32517"}],"collection":[{"href":"https:\/\/casais.pt\/en\/wp-json\/wp\/v2\/posts"}],"about":[{"href":"https:\/\/casais.pt\/en\/wp-json\/wp\/v2\/types\/post"}],"author":[{"embeddable":true,"href":"https:\/\/casais.pt\/en\/wp-json\/wp\/v2\/users\/2"}],"replies":[{"embeddable":true,"href":"https:\/\/casais.pt\/en\/wp-json\/wp\/v2\/comments?post=32517"}],"version-history":[{"count":4,"href":"https:\/\/casais.pt\/en\/wp-json\/wp\/v2\/posts\/32517\/revisions"}],"predecessor-version":[{"id":33056,"href":"https:\/\/casais.pt\/en\/wp-json\/wp\/v2\/posts\/32517\/revisions\/33056"}],"wp:featuredmedia":[{"embeddable":true,"href":"https:\/\/casais.pt\/en\/wp-json\/wp\/v2\/media\/32417"}],"wp:attachment":[{"href":"https:\/\/casais.pt\/en\/wp-json\/wp\/v2\/media?parent=32517"}],"wp:term":[{"taxonomy":"category","embeddable":true,"href":"https:\/\/casais.pt\/en\/wp-json\/wp\/v2\/categories?post=32517"},{"taxonomy":"post_tag","embeddable":true,"href":"https:\/\/casais.pt\/en\/wp-json\/wp\/v2\/tags?post=32517"}],"curies":[{"name":"wp","href":"https:\/\/api.w.org\/{rel}","templated":true}]}}