{"id":19286,"date":"2022-06-30T13:21:54","date_gmt":"2022-06-30T13:21:54","guid":{"rendered":"https:\/\/casais.pt\/casais-signe-un-protocole-avec-ciccopn\/"},"modified":"2023-01-03T00:46:19","modified_gmt":"2023-01-03T00:46:19","slug":"casais-signe-un-protocole-avec-ciccopn","status":"publish","type":"post","link":"https:\/\/casais.pt\/fr\/casais-signe-un-protocole-avec-ciccopn\/","title":{"rendered":"Casais signe un protocole avec CICCOPN"},"content":{"rendered":"<p>Casais, parmi d&rsquo;autres entreprises de construction, signe un protocole avec le <a href=\"https:\/\/www.ciccopn.pt\/\" target=\"_blank\" rel=\"noopener\">Centre de Formation Professionnelle de l&rsquo;Industrie du B\u00e2timent et des Travaux Publics du Nord<\/a> (CICCOPN). La pr\u00e9sentation publique de ce partenariat, qui vise \u00e0 pallier \u00e0 la p\u00e9nurie de main-d&rsquo;\u0153uvre qualifi\u00e9e, s&rsquo;est tenue au si\u00e8ge du CICCOPN, le 28 juin 2022.<\/p>\n<p>Cette \u00e9troite collaboration entre les divers intervenants a permis de mettre \u00e0 disposition, et ceci gratuitement, un espace de conteneurs dortoirs, compos\u00e9 de deux blocs et d&rsquo;environ 32 lits, afin de pallier aux besoins en logements des personnes qui vont suivre la formation, principament originaires des pays lusophones (PALOP).<\/p>\n<p>Cet espace, situ\u00e9 dans les locaux du CICCOPN, permettra d&rsquo;acceuillir des stagiaires en d\u00e9placement afin qu&rsquo;ils puissent suivre des cours de formation professionnelle dans le secteur du B\u00e2timent, et participer, \u00e0 posteriori, \u00e0 une formation pratique dans un contexte de travail au sein des entreprises r\u00e9f\u00e9renc\u00e9es.<\/p>\n<p><strong>D\u00e9claration de Ant\u00f3nio Carlos Rodrigues, CEO du Groupe Casais, au Jornal da Tarde &#8211; RTP 1 (03 juin 2022)<\/strong><\/p>\n<p><iframe title=\"YouTube video player\" src=\"https:\/\/www.youtube.com\/embed\/iv8RH84Sxvk\" width=\"560\" height=\"315\" frameborder=\"0\" allowfullscreen=\"allowfullscreen\"><\/iframe><\/p>\n","protected":false},"excerpt":{"rendered":"<p>Casais, parmi d&rsquo;autres entreprises de construction, signe un protocole avec le Centre de Formation Professionnelle de l&rsquo;Industrie du B\u00e2timent et des Travaux Publics du Nord (CICCOPN). La pr\u00e9sentation publique de ce partenariat, qui vise \u00e0 pallier \u00e0 la p\u00e9nurie de main-d&rsquo;\u0153uvre qualifi\u00e9e, s&rsquo;est tenue au si\u00e8ge du CICCOPN, le 28 juin 2022. Cette \u00e9troite collaboration [&hellip;]<\/p>\n","protected":false},"author":15,"featured_media":17629,"comment_status":"closed","ping_status":"closed","sticky":false,"template":"","format":"standard","meta":{"inline_featured_image":false,"_jet_sm_ready_style":"","_jet_sm_style":"","_jet_sm_controls_values":"","_jet_sm_fonts_collection":"","_jet_sm_fonts_links":"","footnotes":""},"categories":[825],"tags":[],"_links":{"self":[{"href":"https:\/\/casais.pt\/fr\/wp-json\/wp\/v2\/posts\/19286"}],"collection":[{"href":"https:\/\/casais.pt\/fr\/wp-json\/wp\/v2\/posts"}],"about":[{"href":"https:\/\/casais.pt\/fr\/wp-json\/wp\/v2\/types\/post"}],"author":[{"embeddable":true,"href":"https:\/\/casais.pt\/fr\/wp-json\/wp\/v2\/users\/15"}],"replies":[{"embeddable":true,"href":"https:\/\/casais.pt\/fr\/wp-json\/wp\/v2\/comments?post=19286"}],"version-history":[{"count":3,"href":"https:\/\/casais.pt\/fr\/wp-json\/wp\/v2\/posts\/19286\/revisions"}],"predecessor-version":[{"id":22438,"href":"https:\/\/casais.pt\/fr\/wp-json\/wp\/v2\/posts\/19286\/revisions\/22438"}],"wp:featuredmedia":[{"embeddable":true,"href":"https:\/\/casais.pt\/fr\/wp-json\/wp\/v2\/media\/17629"}],"wp:attachment":[{"href":"https:\/\/casais.pt\/fr\/wp-json\/wp\/v2\/media?parent=19286"}],"wp:term":[{"taxonomy":"category","embeddable":true,"href":"https:\/\/casais.pt\/fr\/wp-json\/wp\/v2\/categories?post=19286"},{"taxonomy":"post_tag","embeddable":true,"href":"https:\/\/casais.pt\/fr\/wp-json\/wp\/v2\/tags?post=19286"}],"curies":[{"name":"wp","href":"https:\/\/api.w.org\/{rel}","templated":true}]}}