{"id":19296,"date":"2022-07-07T16:24:51","date_gmt":"2022-07-07T16:24:51","guid":{"rendered":"https:\/\/casais.pt\/le-groupe-casais-pose-la-premiere-pierre-de-lhotel-bb-olhao\/"},"modified":"2023-01-03T00:48:23","modified_gmt":"2023-01-03T00:48:23","slug":"le-groupe-casais-pose-la-premiere-pierre-de-lhotel-bb-olhao","status":"publish","type":"post","link":"https:\/\/casais.pt\/fr\/le-groupe-casais-pose-la-premiere-pierre-de-lhotel-bb-olhao\/","title":{"rendered":"Le Groupe Casais pose la premi\u00e8re pierre de l&rsquo;H\u00f4tel B&amp;B Olh\u00e3o"},"content":{"rendered":"<p>La <strong>premi\u00e8re pierre de l&rsquo;<\/strong><strong>H\u00f4tel B&amp;B Olh\u00e3o <\/strong>a \u00e9t\u00e9 pos\u00e9e aujourd&rsquo;hui, le 7 juillet 2022. Le partenariat Casais\/Sunny apporte \u00e0 la ville un projet d&rsquo;environ 6 millions d&rsquo;euros, dont la signature revient \u00e0 l&rsquo;architecte Jos\u00e9 M\u00e1rio Fernandes. Ce montant d&rsquo;investissement comprend \u00e9galement la r\u00e9novation du Ria Shopping, o\u00f9 est int\u00e9gr\u00e9e cette nouvelle unit\u00e9 h\u00f4teli\u00e8re. Olh\u00e3o recevra ainsi, au printemps de l&rsquo;ann\u00e9e prochaine, une unit\u00e9 h\u00f4teli\u00e8re 3 \u00e9toiles, du <a href=\"https:\/\/www.hotel-bb.com\/\" target=\"_blank\" rel=\"noopener\">Groupe B&amp;B Hotels<\/a>, d&rsquo;une capacit\u00e9 de 89 chambres.<\/p>\n<p>La c\u00e9r\u00e9monie s&rsquo;est d\u00e9roul\u00e9e en pr\u00e9sence de l&rsquo;architecte Jos\u00e9 M\u00e1rio Fernandes, administrateur ex\u00e9cutif du Groupe Casais, d&rsquo;Ant\u00f3nio Pina, Maire d&rsquo;Olh\u00e3o et de Torcato Faria, Country Manager B&amp;B Portugal.<\/p>\n<p>Pour l&rsquo;architecte \u00ab\u00a0<em>Investir dans le secteur du tourisme est fondamental lorsque l&rsquo;on parle d&rsquo;un pays aux caract\u00e9ristiques uniques. Celui-ci sera certainement l&rsquo;un des secteurs avec le plus fort potentiel de croissance et le Groupe Casais accompagnera certainement cette croissance. En outre, des projets tels que le B&amp;B Hotel Olh\u00e3o sont l&rsquo;exemple vivant du type de relation que le Groupe Casais entend \u00e9tablir avec ses clients. Nous cherchons \u00e0 proposer, d\u00e8s la phase de d\u00e9veloppement du projet, des solutions qui vont permettre de r\u00e9aliser les travaux avec une plus grande fluidit\u00e9, en respectant les objectifs et la vision du client. Ensemble, nous cherchons \u00e0 cr\u00e9er des solutions constructives qui offrent un \u00e9quilibre entre qualit\u00e9 et fonctionnalit\u00e9, en accordant une attention particuli\u00e8re aux questions li\u00e9es \u00e0 l&rsquo;exploitation et \u00e0 la maintenance. \u00c0 l&rsquo;heure o\u00f9 les ressources qualifi\u00e9es se font rares, c&rsquo;est la seule solution qui garantit la satisfaction de toutes les parties impliqu\u00e9es dans un projet de construction. <\/em>Le Groupe Casais a accompagn\u00e9e, ce que beaucoup ont d\u00e9j\u00e0 signal\u00e9 comme \u00e9tant, l&rsquo;ann\u00e9e de reprise du secteur touristique, en investissant dans des projets du secteur, qui se mat\u00e9rialiseront jusqu&rsquo;en 2023.<\/p>\n<p>La <a href=\"https:\/\/Casais.client.signed.dev\/portefolio\/?jsf=jet-engine:obras&amp;tax=tipo-de-obra:732\" target=\"_blank\" rel=\"noopener\">construction<\/a>confi\u00e9e au Groupe Casais, sera le 6i\u00e8me h\u00f4tel du Groupe B&amp;B Hotels au Portugal, une cha\u00eene qui est arriv\u00e9e en 2018 sur le march\u00e9 portugais et qui compte actuellement avec 17 unit\u00e9s h\u00f4teli\u00e8res, en exploitation ou en construction, ainsi qu&rsquo;un solide pipeline d&rsquo;unit\u00e9s, dont la demande de permis de construire est en cours, qui lui permettra, en 2023, d&rsquo;\u00eatre le leader du segment au Portugal. <em>Budget &amp; \u00c9conomie. <\/em><\/p>\n<div class=\"cxmmr5t8 oygrvhab hcukyx3x c1et5uql o9v6fnle ii04i59q\"><\/div>\n<p>&nbsp;<\/p>\n<p>&nbsp;<\/p>\n","protected":false},"excerpt":{"rendered":"<p>La premi\u00e8re pierre de l&rsquo;H\u00f4tel B&amp;B Olh\u00e3o a \u00e9t\u00e9 pos\u00e9e aujourd&rsquo;hui, le 7 juillet 2022. Le partenariat Casais\/Sunny apporte \u00e0 la ville un projet d&rsquo;environ 6 millions d&rsquo;euros, dont la signature revient \u00e0 l&rsquo;architecte Jos\u00e9 M\u00e1rio Fernandes. Ce montant d&rsquo;investissement comprend \u00e9galement la r\u00e9novation du Ria Shopping, o\u00f9 est int\u00e9gr\u00e9e cette nouvelle unit\u00e9 h\u00f4teli\u00e8re. Olh\u00e3o [&hellip;]<\/p>\n","protected":false},"author":15,"featured_media":17647,"comment_status":"closed","ping_status":"closed","sticky":false,"template":"","format":"standard","meta":{"inline_featured_image":false,"_jet_sm_ready_style":"","_jet_sm_style":"","_jet_sm_controls_values":"","_jet_sm_fonts_collection":"","_jet_sm_fonts_links":"","footnotes":""},"categories":[848],"tags":[851],"_links":{"self":[{"href":"https:\/\/casais.pt\/fr\/wp-json\/wp\/v2\/posts\/19296"}],"collection":[{"href":"https:\/\/casais.pt\/fr\/wp-json\/wp\/v2\/posts"}],"about":[{"href":"https:\/\/casais.pt\/fr\/wp-json\/wp\/v2\/types\/post"}],"author":[{"embeddable":true,"href":"https:\/\/casais.pt\/fr\/wp-json\/wp\/v2\/users\/15"}],"replies":[{"embeddable":true,"href":"https:\/\/casais.pt\/fr\/wp-json\/wp\/v2\/comments?post=19296"}],"version-history":[{"count":5,"href":"https:\/\/casais.pt\/fr\/wp-json\/wp\/v2\/posts\/19296\/revisions"}],"predecessor-version":[{"id":23949,"href":"https:\/\/casais.pt\/fr\/wp-json\/wp\/v2\/posts\/19296\/revisions\/23949"}],"wp:featuredmedia":[{"embeddable":true,"href":"https:\/\/casais.pt\/fr\/wp-json\/wp\/v2\/media\/17647"}],"wp:attachment":[{"href":"https:\/\/casais.pt\/fr\/wp-json\/wp\/v2\/media?parent=19296"}],"wp:term":[{"taxonomy":"category","embeddable":true,"href":"https:\/\/casais.pt\/fr\/wp-json\/wp\/v2\/categories?post=19296"},{"taxonomy":"post_tag","embeddable":true,"href":"https:\/\/casais.pt\/fr\/wp-json\/wp\/v2\/tags?post=19296"}],"curies":[{"name":"wp","href":"https:\/\/api.w.org\/{rel}","templated":true}]}}