{"id":19304,"date":"2022-07-01T08:24:37","date_gmt":"2022-07-01T08:24:37","guid":{"rendered":"https:\/\/casais.pt\/inauguration-dune-maternite-en-angola\/"},"modified":"2023-01-03T00:48:53","modified_gmt":"2023-01-03T00:48:53","slug":"inauguration-dune-maternite-en-angola","status":"publish","type":"post","link":"https:\/\/casais.pt\/fr\/inauguration-dune-maternite-en-angola\/","title":{"rendered":"Inauguration de l&rsquo;H\u00f4pital M\u00e8re Enfant en Angola"},"content":{"rendered":"<p>L&rsquo;<a href=\"https:\/\/Casais.client.signed.dev\/portefolio\/hospital-materno-infantil-camama\/\" target=\"_blank\" rel=\"noopener\">H\u00f4pital M\u00e8re Enfant de Camama<\/a> (HMIC) a \u00e9t\u00e9 inaugur\u00e9 le 1er juin 2022 par le Pr\u00e9sident de la R\u00e9publique d&rsquo;Angola, Jo\u00e3o Louren\u00e7o, \u00e0 Luanda. La construction du projet, confi\u00e9e \u00e0 <a href=\"https:\/\/Casais.client.signed.dev\/presenca-no-mundo\/angola\/\" target=\"_blank\" rel=\"noopener\">Casais Angola<\/a>, est une \u00e9tape importante pour le pays et la vie des Angolais.<\/p>\n<p>L&rsquo;unit\u00e9 hospitali\u00e8re de r\u00e9f\u00e9rence internationale, situ\u00e9e au sud de la ville, comprenant 10 \u00e9tages et \u00e9valu\u00e9e \u00e0 179 millions de dollars, permettra d&rsquo;accro\u00eetre la couverture des services de p\u00e9diatrie et de maternit\u00e9, contribuant non seulement \u00e0 r\u00e9duire la mortalit\u00e9 infantile, mais aussi \u00e0 garantir la s\u00e9curit\u00e9 des accouchements et la qualit\u00e9 et l&rsquo;esp\u00e9rance de vie de la population.<\/p>\n<p>La construction est le fruit du savoir-faire et de la philosophie de Casais, qui a associ\u00e9 les meilleures et plus modernes solutions pour la construction d&rsquo;un h\u00f4pital, ainsi que des solutions con\u00e7ues pour am\u00e9liorer les flux de prise en charge et le bien-\u00eatre des patients, de leurs familles et des collaborateurs.<\/p>\n","protected":false},"excerpt":{"rendered":"<p>L&rsquo;H\u00f4pital M\u00e8re Enfant de Camama (HMIC) a \u00e9t\u00e9 inaugur\u00e9 le 1er juin 2022 par le Pr\u00e9sident de la R\u00e9publique d&rsquo;Angola, Jo\u00e3o Louren\u00e7o, \u00e0 Luanda. La construction du projet, confi\u00e9e \u00e0 Casais Angola, est une \u00e9tape importante pour le pays et la vie des Angolais. L&rsquo;unit\u00e9 hospitali\u00e8re de r\u00e9f\u00e9rence internationale, situ\u00e9e au sud de la ville, [&hellip;]<\/p>\n","protected":false},"author":15,"featured_media":17499,"comment_status":"closed","ping_status":"closed","sticky":false,"template":"","format":"standard","meta":{"inline_featured_image":false,"_jet_sm_ready_style":"","_jet_sm_style":"","_jet_sm_controls_values":"","_jet_sm_fonts_collection":"","_jet_sm_fonts_links":"","footnotes":""},"categories":[848],"tags":[],"_links":{"self":[{"href":"https:\/\/casais.pt\/fr\/wp-json\/wp\/v2\/posts\/19304"}],"collection":[{"href":"https:\/\/casais.pt\/fr\/wp-json\/wp\/v2\/posts"}],"about":[{"href":"https:\/\/casais.pt\/fr\/wp-json\/wp\/v2\/types\/post"}],"author":[{"embeddable":true,"href":"https:\/\/casais.pt\/fr\/wp-json\/wp\/v2\/users\/15"}],"replies":[{"embeddable":true,"href":"https:\/\/casais.pt\/fr\/wp-json\/wp\/v2\/comments?post=19304"}],"version-history":[{"count":3,"href":"https:\/\/casais.pt\/fr\/wp-json\/wp\/v2\/posts\/19304\/revisions"}],"predecessor-version":[{"id":23950,"href":"https:\/\/casais.pt\/fr\/wp-json\/wp\/v2\/posts\/19304\/revisions\/23950"}],"wp:featuredmedia":[{"embeddable":true,"href":"https:\/\/casais.pt\/fr\/wp-json\/wp\/v2\/media\/17499"}],"wp:attachment":[{"href":"https:\/\/casais.pt\/fr\/wp-json\/wp\/v2\/media?parent=19304"}],"wp:term":[{"taxonomy":"category","embeddable":true,"href":"https:\/\/casais.pt\/fr\/wp-json\/wp\/v2\/categories?post=19304"},{"taxonomy":"post_tag","embeddable":true,"href":"https:\/\/casais.pt\/fr\/wp-json\/wp\/v2\/tags?post=19304"}],"curies":[{"name":"wp","href":"https:\/\/api.w.org\/{rel}","templated":true}]}}