{"id":19317,"date":"2022-07-13T13:10:33","date_gmt":"2022-07-13T13:10:33","guid":{"rendered":"https:\/\/casais.pt\/les-employes-participent-a-la-journee-du-don-du-sang\/"},"modified":"2023-01-03T00:48:02","modified_gmt":"2023-01-03T00:48:02","slug":"les-employes-participent-a-la-journee-du-don-du-sang","status":"publish","type":"post","link":"https:\/\/casais.pt\/fr\/les-employes-participent-a-la-journee-du-don-du-sang\/","title":{"rendered":"Les Collaborateurs participent \u00e0 la Journ\u00e9e des Donneurs de Sang"},"content":{"rendered":"<p>\u00c0 l&rsquo;occasion de la Journ\u00e9e des Donneurs de Sang, c\u00e9l\u00e9br\u00e9e le 14 juin 2022, nous avons lanc\u00e9 un d\u00e9fi \u00e0 nos collaborateurs, qui se sont joints en masse \u00e0 ce geste simple mais extr\u00eamement important.<\/p>\n<p>En r\u00e9f\u00e9rence \u00e0 cette date, une quarantaine de collaborateurs ont particip\u00e9 \u00e0 la campagne interne de don de sang, qui a eu lieu le 11 juillet au si\u00e8ge du Groupe Casais, \u00e0 Braga.<\/p>\n<p>Gr\u00e2ce \u00e0 cette action, 26 nouvelles poches de sang ont \u00e9t\u00e9 collect\u00e9es pour l&rsquo;<a href=\"https:\/\/ipst.pt\/index.php\/pt\/\" target=\"_blank\" rel=\"noopener\">Institut Portugais du Sang, IP<\/a> et le <a href=\"https:\/\/www.ipst.pt\/index.php\/pt\/centro-de-sangue-e-da-transplantacao-do-porto\" target=\"_blank\" rel=\"noopener\">Centre de Sang et de Transplantation de Porto<\/a>. Un geste qui rend l&rsquo;organisation tr\u00e8s fi\u00e8re, car elle a l&rsquo;habitude, dans le cadre de sa responsabilit\u00e9 sociale, de mener des <a href=\"https:\/\/Casais.client.signed.dev\/pessoas\/plano-vida\/\" target=\"_blank\" rel=\"noopener\">actions de sensibilisation<\/a> aupr\u00e9s de tous les collaborateurs \u00e0 l&rsquo;importance du don de sang.<\/p>\n<p>La Journ\u00e9e des Donneurs de Sang a \u00e9t\u00e9 cr\u00e9\u00e9e en 2004 par l&rsquo;<a href=\"https:\/\/www.who.int\/pt\" target=\"_blank\" rel=\"noopener\">Organisation Mondiale de la Sant\u00e9<\/a> (OMS) et a pour but de rendre hommage \u00e0 tous les donneurs de sang et \u00e0 sensibiliser la population \u00e0 l&rsquo;importance de ce geste qui sauve des vies.<\/p>\n<p>Parce que le don de sang est un devoir civique fondamental, nous vous invitons \u00e0 visiter le site <a href=\"https:\/\/dador.pt\/\" target=\"_blank\" rel=\"noopener\">https:\/\/dador.pt\/<\/a>.<\/p>\n","protected":false},"excerpt":{"rendered":"<p>\u00c0 l&rsquo;occasion de la Journ\u00e9e des Donneurs de Sang, c\u00e9l\u00e9br\u00e9e le 14 juin 2022, nous avons lanc\u00e9 un d\u00e9fi \u00e0 nos collaborateurs, qui se sont joints en masse \u00e0 ce geste simple mais extr\u00eamement important. En r\u00e9f\u00e9rence \u00e0 cette date, une quarantaine de collaborateurs ont particip\u00e9 \u00e0 la campagne interne de don de sang, qui [&hellip;]<\/p>\n","protected":false},"author":15,"featured_media":17671,"comment_status":"closed","ping_status":"closed","sticky":false,"template":"","format":"standard","meta":{"inline_featured_image":false,"_jet_sm_ready_style":"","_jet_sm_style":"","_jet_sm_controls_values":"","_jet_sm_fonts_collection":"","_jet_sm_fonts_links":"","footnotes":""},"categories":[835],"tags":[],"_links":{"self":[{"href":"https:\/\/casais.pt\/fr\/wp-json\/wp\/v2\/posts\/19317"}],"collection":[{"href":"https:\/\/casais.pt\/fr\/wp-json\/wp\/v2\/posts"}],"about":[{"href":"https:\/\/casais.pt\/fr\/wp-json\/wp\/v2\/types\/post"}],"author":[{"embeddable":true,"href":"https:\/\/casais.pt\/fr\/wp-json\/wp\/v2\/users\/15"}],"replies":[{"embeddable":true,"href":"https:\/\/casais.pt\/fr\/wp-json\/wp\/v2\/comments?post=19317"}],"version-history":[{"count":4,"href":"https:\/\/casais.pt\/fr\/wp-json\/wp\/v2\/posts\/19317\/revisions"}],"predecessor-version":[{"id":22449,"href":"https:\/\/casais.pt\/fr\/wp-json\/wp\/v2\/posts\/19317\/revisions\/22449"}],"wp:featuredmedia":[{"embeddable":true,"href":"https:\/\/casais.pt\/fr\/wp-json\/wp\/v2\/media\/17671"}],"wp:attachment":[{"href":"https:\/\/casais.pt\/fr\/wp-json\/wp\/v2\/media?parent=19317"}],"wp:term":[{"taxonomy":"category","embeddable":true,"href":"https:\/\/casais.pt\/fr\/wp-json\/wp\/v2\/categories?post=19317"},{"taxonomy":"post_tag","embeddable":true,"href":"https:\/\/casais.pt\/fr\/wp-json\/wp\/v2\/tags?post=19317"}],"curies":[{"name":"wp","href":"https:\/\/api.w.org\/{rel}","templated":true}]}}