{"id":20479,"date":"2020-06-23T15:58:37","date_gmt":"2020-06-23T15:58:37","guid":{"rendered":"https:\/\/casais.pt\/casais-angola-rehabilite-un-espace-denseignement-et-sassocie-a-un-projet-de-responsabilite-sociale\/"},"modified":"2022-12-21T11:54:56","modified_gmt":"2022-12-21T11:54:56","slug":"casais-angola-rehabilite-un-espace-denseignement-et-sassocie-a-un-projet-de-responsabilite-sociale","status":"publish","type":"post","link":"https:\/\/casais.pt\/fr\/casais-angola-rehabilite-un-espace-denseignement-et-sassocie-a-un-projet-de-responsabilite-sociale\/","title":{"rendered":"Casais Angola r\u00e9habilite un espace d&rsquo;enseignement et s&rsquo;associe \u00e0 un projet de responsabilit\u00e9 sociale"},"content":{"rendered":"<p>Dans le cadre du projet de responsabilit\u00e9 sociale \u00ab\u00a0Ensemble dans le d\u00e9veloppement, construire des sourires\u00a0\u00bb, Casais Angola a d\u00e9velopp\u00e9 un travail de r\u00e9habilitation dans l&rsquo;\u00e9cole primaire Carlos Tesche, situ\u00e9e dans le quartier du Golf, dans la banlieue de Luanda.<\/p>\n<p>Les travaux de r\u00e9habilitation ont consist\u00e9 \u00e0 appliquer des carreaux de c\u00e9ramique et \u00e0 peindre les salles de classe les plus d\u00e9grad\u00e9es, offrant ainsi de meilleures conditions aux 1 052 enfants inscrits dans cet \u00e9tablissement scolaire.<\/p>\n<p>Il convient de noter que, le jour de la formalisation de la conclusion de l&rsquo;intervention, outre l&rsquo;\u00e9quipe de Casais, l&rsquo;ambassadeur du Portugal \u00e0 Luanda, Jo\u00e3o Caetano Silva, et l&rsquo;ambassadrice Margarita Mexicano \u00e9taient \u00e9galement pr\u00e9sents.<\/p>\n<p>Simultan\u00e9ment, prenant en consid\u00e9ration l&rsquo;\u00e9tat d&rsquo;\u00e9mergence du Covid-19, Casais Angola, a r\u00e9cemment rejoint le Groupe de Volontaires COVID19-Angola, un groupe de personnes et d&rsquo;entreprises solidaires de la production et de la distribution gratuite de visi\u00e8res de protection individuelle (VPI) aux institutions publiques (h\u00f4pitaux, centres de sant\u00e9, pompiers, notaires, etc.).<\/p>\n<p>Par son don, Casais Angola a contribu\u00e9 \u00e0 la fabrication et \u00e0 la distribution de 2.000 visi\u00e8res de protection individuelle, livr\u00e9es ensuite par le groupe de volontaires \u00e0 plusieurs institutions locales sans pouvoir \u00e9conomique et qui s&rsquo;occupent principalement de personnes dans le besoin.<\/p>\n","protected":false},"excerpt":{"rendered":"<p>Dans le cadre du projet de responsabilit\u00e9 sociale \u00ab\u00a0Ensemble dans le d\u00e9veloppement, construire des sourires\u00a0\u00bb, Casais Angola a d\u00e9velopp\u00e9 un travail de r\u00e9habilitation dans l&rsquo;\u00e9cole primaire Carlos Tesche, situ\u00e9e dans le quartier du Golf, dans la banlieue de Luanda. Les travaux de r\u00e9habilitation ont consist\u00e9 \u00e0 appliquer des carreaux de c\u00e9ramique et \u00e0 peindre les [&hellip;]<\/p>\n","protected":false},"author":2,"featured_media":5150,"comment_status":"closed","ping_status":"closed","sticky":false,"template":"","format":"standard","meta":{"inline_featured_image":false,"_jet_sm_ready_style":"","_jet_sm_style":"","_jet_sm_controls_values":"","_jet_sm_fonts_collection":"","_jet_sm_fonts_links":"","footnotes":""},"categories":[1031],"tags":[],"_links":{"self":[{"href":"https:\/\/casais.pt\/fr\/wp-json\/wp\/v2\/posts\/20479"}],"collection":[{"href":"https:\/\/casais.pt\/fr\/wp-json\/wp\/v2\/posts"}],"about":[{"href":"https:\/\/casais.pt\/fr\/wp-json\/wp\/v2\/types\/post"}],"author":[{"embeddable":true,"href":"https:\/\/casais.pt\/fr\/wp-json\/wp\/v2\/users\/2"}],"replies":[{"embeddable":true,"href":"https:\/\/casais.pt\/fr\/wp-json\/wp\/v2\/comments?post=20479"}],"version-history":[{"count":1,"href":"https:\/\/casais.pt\/fr\/wp-json\/wp\/v2\/posts\/20479\/revisions"}],"predecessor-version":[{"id":21388,"href":"https:\/\/casais.pt\/fr\/wp-json\/wp\/v2\/posts\/20479\/revisions\/21388"}],"wp:featuredmedia":[{"embeddable":true,"href":"https:\/\/casais.pt\/fr\/wp-json\/wp\/v2\/media\/5150"}],"wp:attachment":[{"href":"https:\/\/casais.pt\/fr\/wp-json\/wp\/v2\/media?parent=20479"}],"wp:term":[{"taxonomy":"category","embeddable":true,"href":"https:\/\/casais.pt\/fr\/wp-json\/wp\/v2\/categories?post=20479"},{"taxonomy":"post_tag","embeddable":true,"href":"https:\/\/casais.pt\/fr\/wp-json\/wp\/v2\/tags?post=20479"}],"curies":[{"name":"wp","href":"https:\/\/api.w.org\/{rel}","templated":true}]}}