{"id":20509,"date":"2020-07-10T15:36:43","date_gmt":"2020-07-10T15:36:43","guid":{"rendered":"https:\/\/casais.pt\/le-groupe-casais-participe-a-la-viie-semaine-de-la-rehabilitation-urbaine-de-lisbonne\/"},"modified":"2022-12-21T11:54:53","modified_gmt":"2022-12-21T11:54:53","slug":"le-groupe-casais-participe-a-la-viie-semaine-de-la-rehabilitation-urbaine-de-lisbonne","status":"publish","type":"post","link":"https:\/\/casais.pt\/fr\/le-groupe-casais-participe-a-la-viie-semaine-de-la-rehabilitation-urbaine-de-lisbonne\/","title":{"rendered":"Le Casais Groupe participe \u00e0 la VIIe semaine de la r\u00e9habilitation urbaine de Lisbonne"},"content":{"rendered":"<p>Dans le cadre de la VIIe Semaine de la r\u00e9habilitation urbaine de Lisbonne, l&rsquo;administrateur du Casais Groupe, Paulo Carapu\u00e7a, a particip\u00e9, le 9 juillet, en tant qu&rsquo;orateur, \u00e0 la pr\u00e9sentation du programme \u00ab\u00a0Relan\u00e7ar &#8211; Capter l&rsquo;investissement, pour cro\u00eetre \u00e0 nouveau\u00a0\u00bb.<\/p>\n<p>Il s&rsquo;agit d&rsquo;un programme pr\u00e9sent\u00e9 par l&rsquo;APPII &#8211; Association portugaise des promoteurs et investisseurs immobiliers &#8211; en r\u00e9ponse \u00e0 la crise impos\u00e9e par l&rsquo;arr\u00eat de l&rsquo;\u00e9conomie et qui d\u00e9fend le march\u00e9 immobilier, la r\u00e9habilitation et les villes en tant que sc\u00e8ne de la reprise \u00e9conomique.<\/p>\n","protected":false},"excerpt":{"rendered":"<p>Dans le cadre de la VIIe Semaine de la r\u00e9habilitation urbaine de Lisbonne, l&rsquo;administrateur du Casais Groupe, Paulo Carapu\u00e7a, a particip\u00e9, le 9 juillet, en tant qu&rsquo;orateur, \u00e0 la pr\u00e9sentation du programme \u00ab\u00a0Relan\u00e7ar &#8211; Capter l&rsquo;investissement, pour cro\u00eetre \u00e0 nouveau\u00a0\u00bb. Il s&rsquo;agit d&rsquo;un programme pr\u00e9sent\u00e9 par l&rsquo;APPII &#8211; Association portugaise des promoteurs et investisseurs immobiliers [&hellip;]<\/p>\n","protected":false},"author":2,"featured_media":5138,"comment_status":"closed","ping_status":"closed","sticky":false,"template":"","format":"standard","meta":{"inline_featured_image":false,"_jet_sm_ready_style":"","_jet_sm_style":"","_jet_sm_controls_values":"","_jet_sm_fonts_collection":"","_jet_sm_fonts_links":"","footnotes":""},"categories":[825],"tags":[],"_links":{"self":[{"href":"https:\/\/casais.pt\/fr\/wp-json\/wp\/v2\/posts\/20509"}],"collection":[{"href":"https:\/\/casais.pt\/fr\/wp-json\/wp\/v2\/posts"}],"about":[{"href":"https:\/\/casais.pt\/fr\/wp-json\/wp\/v2\/types\/post"}],"author":[{"embeddable":true,"href":"https:\/\/casais.pt\/fr\/wp-json\/wp\/v2\/users\/2"}],"replies":[{"embeddable":true,"href":"https:\/\/casais.pt\/fr\/wp-json\/wp\/v2\/comments?post=20509"}],"version-history":[{"count":1,"href":"https:\/\/casais.pt\/fr\/wp-json\/wp\/v2\/posts\/20509\/revisions"}],"predecessor-version":[{"id":21382,"href":"https:\/\/casais.pt\/fr\/wp-json\/wp\/v2\/posts\/20509\/revisions\/21382"}],"wp:featuredmedia":[{"embeddable":true,"href":"https:\/\/casais.pt\/fr\/wp-json\/wp\/v2\/media\/5138"}],"wp:attachment":[{"href":"https:\/\/casais.pt\/fr\/wp-json\/wp\/v2\/media?parent=20509"}],"wp:term":[{"taxonomy":"category","embeddable":true,"href":"https:\/\/casais.pt\/fr\/wp-json\/wp\/v2\/categories?post=20509"},{"taxonomy":"post_tag","embeddable":true,"href":"https:\/\/casais.pt\/fr\/wp-json\/wp\/v2\/tags?post=20509"}],"curies":[{"name":"wp","href":"https:\/\/api.w.org\/{rel}","templated":true}]}}