{"id":20580,"date":"2019-11-26T10:17:10","date_gmt":"2019-11-26T10:17:10","guid":{"rendered":"https:\/\/casais.pt\/ampere-energy-portugal-participe-a-la-3eme-edition-de-sahe\/"},"modified":"2022-12-21T11:54:46","modified_gmt":"2022-12-21T11:54:46","slug":"ampere-energy-portugal-participe-a-la-3eme-edition-de-sahe","status":"publish","type":"post","link":"https:\/\/casais.pt\/fr\/ampere-energy-portugal-participe-a-la-3eme-edition-de-sahe\/","title":{"rendered":"Ampere Energy Portugal participe \u00e0 la 3\u00e8me \u00e9dition de SAHE"},"content":{"rendered":"<p>L&rsquo;entreprise de batteries intelligentes a particip\u00e9 \u00e0 la 3e \u00e9dition du Salon de la voiture hybride et \u00e9lectrique (SAHE).<\/p>\n<p>L&rsquo;\u00e9v\u00e9nement a eu lieu \u00e0 l&rsquo;Alf\u00e2ndega do Porto et a r\u00e9uni des marques \u00e0 la pointe de la technologie durable et \u00e9cologique.<\/p>\n","protected":false},"excerpt":{"rendered":"<p>L&rsquo;entreprise de batteries intelligentes a particip\u00e9 \u00e0 la 3e \u00e9dition du Salon de la voiture hybride et \u00e9lectrique (SAHE). L&rsquo;\u00e9v\u00e9nement a eu lieu \u00e0 l&rsquo;Alf\u00e2ndega do Porto et a r\u00e9uni des marques \u00e0 la pointe de la technologie durable et \u00e9cologique.<\/p>\n","protected":false},"author":2,"featured_media":5284,"comment_status":"closed","ping_status":"closed","sticky":false,"template":"","format":"standard","meta":{"inline_featured_image":false,"_jet_sm_ready_style":"","_jet_sm_style":"","_jet_sm_controls_values":"","_jet_sm_fonts_collection":"","_jet_sm_fonts_links":"","footnotes":""},"categories":[1029,825],"tags":[],"_links":{"self":[{"href":"https:\/\/casais.pt\/fr\/wp-json\/wp\/v2\/posts\/20580"}],"collection":[{"href":"https:\/\/casais.pt\/fr\/wp-json\/wp\/v2\/posts"}],"about":[{"href":"https:\/\/casais.pt\/fr\/wp-json\/wp\/v2\/types\/post"}],"author":[{"embeddable":true,"href":"https:\/\/casais.pt\/fr\/wp-json\/wp\/v2\/users\/2"}],"replies":[{"embeddable":true,"href":"https:\/\/casais.pt\/fr\/wp-json\/wp\/v2\/comments?post=20580"}],"version-history":[{"count":1,"href":"https:\/\/casais.pt\/fr\/wp-json\/wp\/v2\/posts\/20580\/revisions"}],"predecessor-version":[{"id":21353,"href":"https:\/\/casais.pt\/fr\/wp-json\/wp\/v2\/posts\/20580\/revisions\/21353"}],"wp:featuredmedia":[{"embeddable":true,"href":"https:\/\/casais.pt\/fr\/wp-json\/wp\/v2\/media\/5284"}],"wp:attachment":[{"href":"https:\/\/casais.pt\/fr\/wp-json\/wp\/v2\/media?parent=20580"}],"wp:term":[{"taxonomy":"category","embeddable":true,"href":"https:\/\/casais.pt\/fr\/wp-json\/wp\/v2\/categories?post=20580"},{"taxonomy":"post_tag","embeddable":true,"href":"https:\/\/casais.pt\/fr\/wp-json\/wp\/v2\/tags?post=20580"}],"curies":[{"name":"wp","href":"https:\/\/api.w.org\/{rel}","templated":true}]}}