{"id":20644,"date":"2019-06-17T10:58:12","date_gmt":"2019-06-17T10:58:12","guid":{"rendered":"https:\/\/casais.pt\/carpinangola-marque-sa-presence-a-la-fimma-2019\/"},"modified":"2022-12-21T11:54:39","modified_gmt":"2022-12-21T11:54:39","slug":"carpinangola-marque-sa-presence-a-la-fimma-2019","status":"publish","type":"post","link":"https:\/\/casais.pt\/fr\/carpinangola-marque-sa-presence-a-la-fimma-2019\/","title":{"rendered":"Carpinangola marque sa pr\u00e9sence \u00e0 la FIMMA 2019"},"content":{"rendered":"<p>Du 05 au 08 juin, Carpinangola \u00e9tait pr\u00e9sent au FIMMA 2019 ! Il s&rsquo;agit de la plus grande sc\u00e8ne d&rsquo;exposition pour le secteur de l&rsquo;industrie, du mobilier et du bois en Angola.<\/p>\n<p>L&rsquo;\u00e9v\u00e9nement a eu lieu dans la zone \u00e9conomique sp\u00e9ciale de ZEE, \u00e0 Luanda, et a \u00e9t\u00e9 soutenu par le gouvernement angolais, par l&rsquo;interm\u00e9diaire du minist\u00e8re de l&rsquo;industrie, en partenariat avec Eventos Arena.<\/p>\n","protected":false},"excerpt":{"rendered":"<p>Du 05 au 08 juin, Carpinangola \u00e9tait pr\u00e9sent au FIMMA 2019 ! Il s&rsquo;agit de la plus grande sc\u00e8ne d&rsquo;exposition pour le secteur de l&rsquo;industrie, du mobilier et du bois en Angola. L&rsquo;\u00e9v\u00e9nement a eu lieu dans la zone \u00e9conomique sp\u00e9ciale de ZEE, \u00e0 Luanda, et a \u00e9t\u00e9 soutenu par le gouvernement angolais, par l&rsquo;interm\u00e9diaire [&hellip;]<\/p>\n","protected":false},"author":2,"featured_media":5371,"comment_status":"closed","ping_status":"closed","sticky":false,"template":"","format":"standard","meta":{"inline_featured_image":false,"_jet_sm_ready_style":"","_jet_sm_style":"","_jet_sm_controls_values":"","_jet_sm_fonts_collection":"","_jet_sm_fonts_links":"","footnotes":""},"categories":[1029,825],"tags":[],"_links":{"self":[{"href":"https:\/\/casais.pt\/fr\/wp-json\/wp\/v2\/posts\/20644"}],"collection":[{"href":"https:\/\/casais.pt\/fr\/wp-json\/wp\/v2\/posts"}],"about":[{"href":"https:\/\/casais.pt\/fr\/wp-json\/wp\/v2\/types\/post"}],"author":[{"embeddable":true,"href":"https:\/\/casais.pt\/fr\/wp-json\/wp\/v2\/users\/2"}],"replies":[{"embeddable":true,"href":"https:\/\/casais.pt\/fr\/wp-json\/wp\/v2\/comments?post=20644"}],"version-history":[{"count":1,"href":"https:\/\/casais.pt\/fr\/wp-json\/wp\/v2\/posts\/20644\/revisions"}],"predecessor-version":[{"id":21321,"href":"https:\/\/casais.pt\/fr\/wp-json\/wp\/v2\/posts\/20644\/revisions\/21321"}],"wp:featuredmedia":[{"embeddable":true,"href":"https:\/\/casais.pt\/fr\/wp-json\/wp\/v2\/media\/5371"}],"wp:attachment":[{"href":"https:\/\/casais.pt\/fr\/wp-json\/wp\/v2\/media?parent=20644"}],"wp:term":[{"taxonomy":"category","embeddable":true,"href":"https:\/\/casais.pt\/fr\/wp-json\/wp\/v2\/categories?post=20644"},{"taxonomy":"post_tag","embeddable":true,"href":"https:\/\/casais.pt\/fr\/wp-json\/wp\/v2\/tags?post=20644"}],"curies":[{"name":"wp","href":"https:\/\/api.w.org\/{rel}","templated":true}]}}