{"id":21910,"date":"2020-07-10T15:35:55","date_gmt":"2020-07-10T15:35:55","guid":{"rendered":"https:\/\/casais.pt\/le-secretaire-detat-a-linternationalisation-visite-des-chantiers-de-construction-en-algarve\/"},"modified":"2022-12-21T11:54:32","modified_gmt":"2022-12-21T11:54:32","slug":"le-secretaire-detat-a-linternationalisation-visite-des-chantiers-de-construction-en-algarve","status":"publish","type":"post","link":"https:\/\/casais.pt\/fr\/le-secretaire-detat-a-linternationalisation-visite-des-chantiers-de-construction-en-algarve\/","title":{"rendered":"Le secr\u00e9taire d&rsquo;\u00c9tat \u00e0 l&rsquo;internationalisation visite des chantiers de construction en Algarve"},"content":{"rendered":"<p>Le 9 juillet, le chantier de Bayline \u00e0 Arma\u00e7\u00e3o de P\u00eara a re\u00e7u la visite officielle du secr\u00e9taire d&rsquo;\u00c9tat \u00e0 l&rsquo;internationalisation, Eurico Brilhante Dias, accompagn\u00e9 de la conseill\u00e8re Marta Costa, et \u00e9galement en pr\u00e9sence de la maire de Silves, Rosa Cristina da Palma.<\/p>\n<p>En tant que soci\u00e9t\u00e9 responsable de la construction de l&rsquo;entreprise, le Casais Groupe \u00e9tait repr\u00e9sent\u00e9 par l&rsquo;administrateur ex\u00e9cutif, Paulo Carapu\u00e7a, et le PDG, Ant\u00f3nio Carlos Rodrigues.<\/p>\n<p>Il convient de noter qu&rsquo;il s&rsquo;agit de l&rsquo;investissement le plus important dans la premi\u00e8re ligne de plage de cette r\u00e9gion, puisqu&rsquo;il s&rsquo;agit d&rsquo;un projet dirig\u00e9 par le bureau Saraiva + Associados et Casais Engenharia e Constru\u00e7\u00e3o, promu par Vanguard Properties Portugal.<\/p>\n","protected":false},"excerpt":{"rendered":"<p>Le 9 juillet, le chantier de Bayline \u00e0 Arma\u00e7\u00e3o de P\u00eara a re\u00e7u la visite officielle du secr\u00e9taire d&rsquo;\u00c9tat \u00e0 l&rsquo;internationalisation, Eurico Brilhante Dias, accompagn\u00e9 de la conseill\u00e8re Marta Costa, et \u00e9galement en pr\u00e9sence de la maire de Silves, Rosa Cristina da Palma. En tant que soci\u00e9t\u00e9 responsable de la construction de l&rsquo;entreprise, le Casais [&hellip;]<\/p>\n","protected":false},"author":2,"featured_media":5141,"comment_status":"closed","ping_status":"closed","sticky":false,"template":"","format":"standard","meta":{"inline_featured_image":false,"_jet_sm_ready_style":"","_jet_sm_style":"","_jet_sm_controls_values":"","_jet_sm_fonts_collection":"","_jet_sm_fonts_links":"","footnotes":""},"categories":[848],"tags":[],"_links":{"self":[{"href":"https:\/\/casais.pt\/fr\/wp-json\/wp\/v2\/posts\/21910"}],"collection":[{"href":"https:\/\/casais.pt\/fr\/wp-json\/wp\/v2\/posts"}],"about":[{"href":"https:\/\/casais.pt\/fr\/wp-json\/wp\/v2\/types\/post"}],"author":[{"embeddable":true,"href":"https:\/\/casais.pt\/fr\/wp-json\/wp\/v2\/users\/2"}],"replies":[{"embeddable":true,"href":"https:\/\/casais.pt\/fr\/wp-json\/wp\/v2\/comments?post=21910"}],"version-history":[{"count":1,"href":"https:\/\/casais.pt\/fr\/wp-json\/wp\/v2\/posts\/21910\/revisions"}],"predecessor-version":[{"id":23198,"href":"https:\/\/casais.pt\/fr\/wp-json\/wp\/v2\/posts\/21910\/revisions\/23198"}],"wp:featuredmedia":[{"embeddable":true,"href":"https:\/\/casais.pt\/fr\/wp-json\/wp\/v2\/media\/5141"}],"wp:attachment":[{"href":"https:\/\/casais.pt\/fr\/wp-json\/wp\/v2\/media?parent=21910"}],"wp:term":[{"taxonomy":"category","embeddable":true,"href":"https:\/\/casais.pt\/fr\/wp-json\/wp\/v2\/categories?post=21910"},{"taxonomy":"post_tag","embeddable":true,"href":"https:\/\/casais.pt\/fr\/wp-json\/wp\/v2\/tags?post=21910"}],"curies":[{"name":"wp","href":"https:\/\/api.w.org\/{rel}","templated":true}]}}